{"id":520,"date":"2022-08-18T10:26:54","date_gmt":"2022-08-18T13:26:54","guid":{"rendered":"https:\/\/upami.unr.edu.ar\/?p=520"},"modified":"2022-08-18T11:26:43","modified_gmt":"2022-08-18T14:26:43","slug":"medios-de-comunicacion","status":"publish","type":"post","link":"https:\/\/upami.unr.edu.ar\/?p=520","title":{"rendered":"Medios de comunicaci\u00f3n"},"content":{"rendered":"\t\t<div data-elementor-type=\"wp-post\" data-elementor-id=\"520\" class=\"elementor elementor-520\">\n\t\t\t\t\t\t<section class=\"elementor-section elementor-top-section elementor-element elementor-element-2804f2e elementor-section-full_width elementor-section-height-default elementor-section-height-default\" data-id=\"2804f2e\" data-element_type=\"section\" data-settings=\"{&quot;background_background&quot;:&quot;classic&quot;}\">\n\t\t\t\t\t\t<div class=\"elementor-container elementor-column-gap-default\">\n\t\t\t\t\t<div class=\"elementor-column elementor-col-100 elementor-top-column elementor-element elementor-element-8a8631a\" data-id=\"8a8631a\" data-element_type=\"column\">\n\t\t\t<div class=\"elementor-widget-wrap elementor-element-populated\">\n\t\t\t\t\t\t<div class=\"elementor-element elementor-element-9224409 elementor-widget elementor-widget-spacer\" data-id=\"9224409\" data-element_type=\"widget\" data-widget_type=\"spacer.default\">\n\t\t\t\t<div class=\"elementor-widget-container\">\n\t\t\t\t\t\t\t<div class=\"elementor-spacer\">\n\t\t\t<div class=\"elementor-spacer-inner\"><\/div>\n\t\t<\/div>\n\t\t\t\t\t\t<\/div>\n\t\t\t\t<\/div>\n\t\t\t\t<div class=\"elementor-element elementor-element-65b5174 elementor-widget elementor-widget-heading\" data-id=\"65b5174\" data-element_type=\"widget\" data-widget_type=\"heading.default\">\n\t\t\t\t<div class=\"elementor-widget-container\">\n\t\t\t\t\t<h2 class=\"elementor-heading-title elementor-size-large\">Medios de comunicaci\u00f3n<\/h2>\t\t\t\t<\/div>\n\t\t\t\t<\/div>\n\t\t\t\t<div class=\"elementor-element elementor-element-a338603 elementor-widget elementor-widget-spacer\" data-id=\"a338603\" data-element_type=\"widget\" data-widget_type=\"spacer.default\">\n\t\t\t\t<div class=\"elementor-widget-container\">\n\t\t\t\t\t\t\t<div class=\"elementor-spacer\">\n\t\t\t<div class=\"elementor-spacer-inner\"><\/div>\n\t\t<\/div>\n\t\t\t\t\t\t<\/div>\n\t\t\t\t<\/div>\n\t\t\t\t\t<\/div>\n\t\t<\/div>\n\t\t\t\t\t<\/div>\n\t\t<\/section>\n\t\t\t\t<section class=\"elementor-section elementor-top-section elementor-element elementor-element-a4d21ea elementor-section-full_width elementor-section-height-default elementor-section-height-default\" data-id=\"a4d21ea\" data-element_type=\"section\" data-settings=\"{&quot;background_background&quot;:&quot;classic&quot;}\">\n\t\t\t\t\t\t<div class=\"elementor-container elementor-column-gap-default\">\n\t\t\t\t\t<div class=\"elementor-column elementor-col-100 elementor-top-column elementor-element elementor-element-7f453b1\" data-id=\"7f453b1\" data-element_type=\"column\">\n\t\t\t<div class=\"elementor-widget-wrap elementor-element-populated\">\n\t\t\t\t\t\t<div class=\"elementor-element elementor-element-c3193fd elementor-widget elementor-widget-spacer\" data-id=\"c3193fd\" data-element_type=\"widget\" data-widget_type=\"spacer.default\">\n\t\t\t\t<div class=\"elementor-widget-container\">\n\t\t\t\t\t\t\t<div class=\"elementor-spacer\">\n\t\t\t<div class=\"elementor-spacer-inner\"><\/div>\n\t\t<\/div>\n\t\t\t\t\t\t<\/div>\n\t\t\t\t<\/div>\n\t\t\t\t<div class=\"elementor-element elementor-element-99c8c3f elementor-widget elementor-widget-heading\" data-id=\"99c8c3f\" data-element_type=\"widget\" data-widget_type=\"heading.default\">\n\t\t\t\t<div class=\"elementor-widget-container\">\n\t\t\t\t\t<h2 class=\"elementor-heading-title elementor-size-large\">Taller de comunicaci\u00f3n social<\/h2>\t\t\t\t<\/div>\n\t\t\t\t<\/div>\n\t\t\t\t<div class=\"elementor-element elementor-element-0516c7c elementor-widget elementor-widget-text-editor\" data-id=\"0516c7c\" data-element_type=\"widget\" data-widget_type=\"text-editor.default\">\n\t\t\t\t<div class=\"elementor-widget-container\">\n\t\t\t\t\t\t\t\t\t<p><span style=\"font-size: 10pt;\"><span style=\"font-family: Arial, serif;\">El taller propone un acercamiento a la comunicaci\u00f3n a lo largo de su desarrollo hist\u00f3rico, fundamentalmente desde el siglo XX a la actualidad. Se brinda una noci\u00f3n b\u00e1sica de las ideas y conceptos relacionados con la comunicaci\u00f3n social y de masas que caracteriza a nuestra era, pasando por las nuevas formas de comunicaci\u00f3n vinculadas a la tecnolog\u00eda y cambios culturales. Se propicia la construcci\u00f3n de una mirada cr\u00edtica de los fen\u00f3menos comunicacionales en su h\u00e1bitat y su acontecer, a partir del conocimiento de herramientas comunicacionales, anal\u00edticas e interpretativas, sus ventajas y desventajas.<\/span><\/span><\/p><p style=\"line-height: 150%; margin-bottom: 0cm;\"><strong><span style=\"font-family: Arial, serif; font-size: 10pt; color: var( --e-global-color-text );\">PROGRAMA.\u00a0<\/span><\/strong><\/p><ul><li style=\"line-height: 150%;\"><span style=\"font-family: Arial, serif; font-size: 10pt; color: var( --e-global-color-text ); font-weight: var( --e-global-typography-text-font-weight );\">Comunicaci\u00f3n social.<\/span><\/li><li style=\"line-height: 150%;\"><span style=\"font-family: Arial, serif; font-size: 10pt; color: var( --e-global-color-text ); font-weight: var( --e-global-typography-text-font-weight );\">Concepto de comunicaci\u00f3n. \u00bfQui\u00e9nes comunican?<\/span><\/li><li style=\"line-height: 150%;\"><span style=\"font-family: Arial, serif; font-size: 10pt; color: var( --e-global-color-text ); font-weight: var( --e-global-typography-text-font-weight );\">Derecho a la comunicaci\u00f3n<\/span><\/li><li style=\"line-height: 150%;\"><span style=\"font-family: Arial, serif; font-size: 10pt; color: var( --e-global-color-text ); font-weight: var( --e-global-typography-text-font-weight );\">Medios de Comunicaci\u00f3n, Clasificaci\u00f3n de los medios de comunicaci\u00f3n: Audiovisuales, Radiof\u00f3nicos, Impresos, Digitales<\/span><\/li><li style=\"line-height: 150%;\"><span style=\"font-family: Arial, serif; font-size: 10pt; color: var( --e-global-color-text ); font-weight: var( --e-global-typography-text-font-weight );\">MAPA de medios<\/span><\/li><li style=\"line-height: 150%;\"><span style=\"font-family: Arial, serif; font-size: 10pt; color: var( --e-global-color-text ); font-weight: var( --e-global-typography-text-font-weight );\">Medios. Intenci\u00f3n, objetividad.<\/span><\/li><li style=\"line-height: 150%;\"><span style=\"font-family: Arial, serif; font-size: 10pt; color: var( --e-global-color-text ); font-weight: var( --e-global-typography-text-font-weight );\">Ecosistema de medios<\/span><\/li><li style=\"line-height: 150%;\"><span style=\"font-family: Arial, serif; font-size: 10pt; color: var( --e-global-color-text ); font-weight: var( --e-global-typography-text-font-weight );\">Ley de medios.<\/span><\/li><li style=\"line-height: 150%;\"><span style=\"font-family: Arial, serif; font-size: 10pt; color: var( --e-global-color-text ); font-weight: var( --e-global-typography-text-font-weight );\">Concepto de Infodemia y Fake News.<\/span><\/li><li style=\"line-height: 150%;\"><span style=\"font-family: Arial, serif; font-size: 10pt; color: var( --e-global-color-text ); font-weight: var( --e-global-typography-text-font-weight );\">Actualidad: Era digital; Transmedia, Redes sociales.<\/span><\/li><\/ul>\t\t\t\t\t\t\t\t<\/div>\n\t\t\t\t<\/div>\n\t\t\t\t<div class=\"elementor-element elementor-element-7095a87 elementor-widget elementor-widget-spacer\" data-id=\"7095a87\" data-element_type=\"widget\" data-widget_type=\"spacer.default\">\n\t\t\t\t<div class=\"elementor-widget-container\">\n\t\t\t\t\t\t\t<div class=\"elementor-spacer\">\n\t\t\t<div class=\"elementor-spacer-inner\"><\/div>\n\t\t<\/div>\n\t\t\t\t\t\t<\/div>\n\t\t\t\t<\/div>\n\t\t\t\t<div class=\"elementor-element elementor-element-e773c95 elementor-widget elementor-widget-heading\" data-id=\"e773c95\" data-element_type=\"widget\" data-widget_type=\"heading.default\">\n\t\t\t\t<div class=\"elementor-widget-container\">\n\t\t\t\t\t<h2 class=\"elementor-heading-title elementor-size-large\">Taller de Realizaci\u00f3n  radial<\/h2>\t\t\t\t<\/div>\n\t\t\t\t<\/div>\n\t\t\t\t<div class=\"elementor-element elementor-element-aec0ca1 elementor-widget elementor-widget-text-editor\" data-id=\"aec0ca1\" data-element_type=\"widget\" data-widget_type=\"text-editor.default\">\n\t\t\t\t<div class=\"elementor-widget-container\">\n\t\t\t\t\t\t\t\t\t<p style=\"line-height: 150%; margin-bottom: 0cm;\"><span style=\"font-family: Arial, serif;\"><span style=\"font-size: 10pt;\">El espacio de Realizaci\u00f3n Radial propone una instancia superadora, en t\u00e9rminos de experiencia y desaf\u00edos, para quienes hayan transitado por el Taller de Radio de Upami o cuenten con conocimientos previos de Radio. <\/span><\/span><\/p><p style=\"line-height: 150%; margin-bottom: 0cm;\"><span style=\"font-family: Arial, serif;\"><span style=\"font-size: 10pt;\">La propuesta se centra en la realizaci\u00f3n radial como expresi\u00f3n concreta de los conocimientos adquiridos sobre el medio y como aspecto indisociable de lo medi\u00e1tico como dimensi\u00f3n. Es decir, en esencia los medios de comunicaci\u00f3n son pr\u00e1ctica en s\u00ed misma y en el hacer se constituyen. <\/span><\/span><\/p><p style=\"line-height: 150%; margin-bottom: 0cm;\"><span style=\"font-family: Arial, serif;\"><span style=\"font-size: 10pt;\">De esta manera, este espacio pretende desarrollar una pr\u00e1ctica radiof\u00f3nica donde se explore la creatividad y el trabajo colectivo en la puesta en escena a partir del dise\u00f1o de un espacio de realizaci\u00f3n radial. Asimismo, se promueve el intercambio y producci\u00f3n colectiva.<\/span><\/span><\/p><p>\u00a0<\/p><p style=\"line-height: 150%; margin-bottom: 0cm;\"><strong><span style=\"font-family: Arial, serif;\"><span style=\"font-size: 10pt;\">PROGRAMA<\/span><\/span><\/strong><\/p><p style=\"line-height: 150%; margin-bottom: 0cm;\"><span style=\"font-family: Arial, serif;\"><span style=\"font-size: 10pt;\">Planificaci\u00f3n:<\/span><\/span><\/p><p style=\"line-height: 150%; margin-bottom: 0cm;\">\u2022 <span style=\"font-family: Arial, serif;\"><span style=\"font-size: 10pt;\">Gestionar espacio de radio<\/span><\/span><\/p><p style=\"line-height: 150%; margin-bottom: 0cm;\">\u2022 <span style=\"font-family: Arial, serif;\"><span style=\"font-size: 10pt;\">Armar equipo de participantes.<\/span><\/span><\/p><p style=\"line-height: 150%; margin-bottom: 0cm;\">\u2022 <span style=\"font-family: Arial, serif;\"><span style=\"font-size: 10pt;\">Definir tareas, roles y <\/span><\/span><span style=\"font-family: Arial, serif;\"><span style=\"font-size: 10pt;\">Puesta en marcha<\/span><\/span><\/p><p style=\"line-height: 150%; margin-bottom: 0cm;\">\u2022 <span style=\"font-family: Arial, serif;\"><span style=\"font-size: 10pt;\">Identidad del programa: definir g\u00e9nero, nombre, p\u00fablico, lenguaje, art\u00edstica (est\u00e9tica e identidad). <\/span><\/span><\/p><p style=\"line-height: 150%; margin-bottom: 0cm;\">\u2022 <span style=\"font-family: Arial, serif;\"><span style=\"font-size: 10pt;\">Contenido: Gui\u00f3n. Secciones. Columnas. Entrevistas. <\/span><\/span><\/p><p style=\"line-height: 150%; margin-bottom: 0cm;\">\u2022 <span style=\"font-family: Arial, serif;\"><span style=\"font-size: 10pt;\">Producci\u00f3n: Armado de un programa. Pre y postproducci\u00f3n. <\/span><\/span><span style=\"font-family: Arial, serif;\"><span style=\"font-size: 10pt;\">Salir a escena: <\/span><\/span><\/p><p style=\"line-height: 150%; margin-bottom: 0cm;\">\u2022 <span style=\"font-family: Arial, serif;\"><span style=\"font-size: 10pt;\">Realizaci\u00f3n de programa semanal de una hora.<\/span><\/span><\/p><p style=\"line-height: 150%; margin-bottom: 0cm;\">\u2022 <span style=\"font-family: Arial, serif;\"><span style=\"font-size: 10pt;\">Trabajo en redes sociales.<\/span><\/span><\/p>\t\t\t\t\t\t\t\t<\/div>\n\t\t\t\t<\/div>\n\t\t\t\t<div class=\"elementor-element elementor-element-503c9db elementor-widget elementor-widget-spacer\" data-id=\"503c9db\" data-element_type=\"widget\" data-widget_type=\"spacer.default\">\n\t\t\t\t<div class=\"elementor-widget-container\">\n\t\t\t\t\t\t\t<div class=\"elementor-spacer\">\n\t\t\t<div class=\"elementor-spacer-inner\"><\/div>\n\t\t<\/div>\n\t\t\t\t\t\t<\/div>\n\t\t\t\t<\/div>\n\t\t\t\t<div class=\"elementor-element elementor-element-e24064a elementor-widget elementor-widget-heading\" data-id=\"e24064a\" data-element_type=\"widget\" data-widget_type=\"heading.default\">\n\t\t\t\t<div class=\"elementor-widget-container\">\n\t\t\t\t\t<h2 class=\"elementor-heading-title elementor-size-large\">Taller de Radio<\/h2>\t\t\t\t<\/div>\n\t\t\t\t<\/div>\n\t\t\t\t<div class=\"elementor-element elementor-element-fe6f696 elementor-widget elementor-widget-text-editor\" data-id=\"fe6f696\" data-element_type=\"widget\" data-widget_type=\"text-editor.default\">\n\t\t\t\t<div class=\"elementor-widget-container\">\n\t\t\t\t\t\t\t\t\t<p><span style=\"font-family: Arial, serif;\"><span style=\"font-size: small;\">El Taller de Radio es un espacio de educaci\u00f3n donde se propicia la expresi\u00f3n y el intercambio a partir de la recreaci\u00f3n as\u00ed como tambi\u00e9n, la reflexi\u00f3n, la estimulaci\u00f3n de la creatividad y el trabajo colectivo. <\/span><\/span><\/p><p><span style=\"font-family: Arial, serif;\"><span style=\"font-size: small;\">Se dise\u00f1an actividades art\u00edsticas, literarias y recreativas donde la comunicaci\u00f3n radial se presenta como una buena herramienta para la inclusi\u00f3n y producci\u00f3n simb\u00f3lica del grupo, estimulando la creatividad, la autoconfianza y el v\u00ednculo respetuoso de las diferencias a trav\u00e9s de la radio como herramienta y como medio de intercambio y producci\u00f3n colectiva.<\/span><\/span><\/p><p>\u00a0<\/p><p><strong><span style=\"font-family: Arial, serif;\"><span style=\"font-size: small;\">PROGRAMA<\/span><\/span><\/strong><\/p><p><span style=\"font-family: Arial, serif;\"><span style=\"font-size: small;\">Te\u00f3rico:<\/span><\/span><\/p><p>\u2022 <span style=\"font-family: Arial, serif;\"><span style=\"font-size: small;\">La radio y nuestra experiencia de vida. Historia e hitos del medio de comunicaci\u00f3n. <\/span><\/span><\/p><p>\u2022 <span style=\"font-family: Arial, serif;\"><span style=\"font-size: small;\">Elementos y componentes. Funciones y especificaciones.<\/span><\/span><\/p><p>\u2022 <span style=\"font-family: Arial, serif;\"><span style=\"font-size: small;\">Lenguaje radial. Lenguaje sonoro y est\u00e9tica.<\/span><\/span><\/p><p>\u2022 <span style=\"font-family: Arial, serif;\"><span style=\"font-size: small;\">G\u00e9neros y formatos radiof\u00f3nicos (caracter\u00edsticas). Magazine y radionovela.<\/span><\/span><\/p><p>\u2022 <span style=\"font-family: Arial, serif;\"><span style=\"font-size: small;\">Producci\u00f3n radial (copetes, etc.) y guiones radiales.<\/span><\/span><\/p><p>\u2022 <span style=\"font-family: Arial, serif;\"><span style=\"font-size: small;\">El proceso de elaboraci\u00f3n: guion, grabaci\u00f3n, edici\u00f3n.<\/span><\/span><\/p><p><span style=\"font-family: Arial, serif;\"><span style=\"font-size: small;\">Pr\u00e1ctico:<\/span><\/span><\/p><p>\u2022 <span style=\"font-family: Arial, serif;\"><span style=\"font-size: small;\">Armado de un programa.<\/span><\/span><\/p><p>\u2022 <span style=\"font-family: Arial, serif;\"><span style=\"font-size: small;\">Pre y postproducci\u00f3n.<\/span><\/span><\/p><p>\u2022 <span style=\"font-family: Arial, serif;\"><span style=\"font-size: small;\">Grabaci\u00f3n de columnas y art\u00edstica.<\/span><\/span><\/p><p>\u2022 <span style=\"font-family: Arial, serif;\"><span style=\"font-size: small;\">Realizaci\u00f3n de programas.<\/span><\/span><\/p>\t\t\t\t\t\t\t\t<\/div>\n\t\t\t\t<\/div>\n\t\t\t\t\t<\/div>\n\t\t<\/div>\n\t\t\t\t\t<\/div>\n\t\t<\/section>\n\t\t\t\t<\/div>\n\t\t","protected":false},"excerpt":{"rendered":"<p>Medios de comunicaci\u00f3n Taller de comunicaci\u00f3n social El taller propone un acercamiento a la comunicaci\u00f3n a lo largo de su desarrollo hist\u00f3rico, fundamentalmente desde el siglo XX a la actualidad. Se brinda una noci\u00f3n b\u00e1sica de las ideas y conceptos relacionados con la comunicaci\u00f3n social y de masas que caracteriza a nuestra era, pasando por [&hellip;]<\/p>\n","protected":false},"author":1,"featured_media":0,"comment_status":"closed","ping_status":"closed","sticky":false,"template":"","format":"standard","meta":{"footnotes":""},"categories":[1],"tags":[],"class_list":["post-520","post","type-post","status-publish","format-standard","hentry","category-cursos"],"yoast_head":"<!-- This site is optimized with the Yoast SEO plugin v26.0 - https:\/\/yoast.com\/wordpress\/plugins\/seo\/ -->\n<title>Medios de comunicaci\u00f3n - Upami - UNR<\/title>\n<meta name=\"robots\" content=\"index, follow, max-snippet:-1, max-image-preview:large, max-video-preview:-1\" \/>\n<link rel=\"canonical\" href=\"https:\/\/upami.unr.edu.ar\/?p=520\" \/>\n<meta property=\"og:locale\" content=\"es_ES\" \/>\n<meta property=\"og:type\" content=\"article\" \/>\n<meta property=\"og:title\" content=\"Medios de comunicaci\u00f3n - Upami - UNR\" \/>\n<meta property=\"og:description\" content=\"Medios de comunicaci\u00f3n Taller de comunicaci\u00f3n social El taller propone un acercamiento a la comunicaci\u00f3n a lo largo de su desarrollo hist\u00f3rico, fundamentalmente desde el siglo XX a la actualidad. Se brinda una noci\u00f3n b\u00e1sica de las ideas y conceptos relacionados con la comunicaci\u00f3n social y de masas que caracteriza a nuestra era, pasando por [&hellip;]\" \/>\n<meta property=\"og:url\" content=\"https:\/\/upami.unr.edu.ar\/?p=520\" \/>\n<meta property=\"og:site_name\" content=\"Upami - UNR\" \/>\n<meta property=\"article:published_time\" content=\"2022-08-18T13:26:54+00:00\" \/>\n<meta property=\"article:modified_time\" content=\"2022-08-18T14:26:43+00:00\" \/>\n<meta name=\"author\" content=\"UPAMI UNR\" \/>\n<meta name=\"twitter:card\" content=\"summary_large_image\" \/>\n<meta name=\"twitter:label1\" content=\"Escrito por\" \/>\n\t<meta name=\"twitter:data1\" content=\"UPAMI UNR\" \/>\n\t<meta name=\"twitter:label2\" content=\"Tiempo de lectura\" \/>\n\t<meta name=\"twitter:data2\" content=\"3 minutos\" \/>\n<script type=\"application\/ld+json\" class=\"yoast-schema-graph\">{\"@context\":\"https:\/\/schema.org\",\"@graph\":[{\"@type\":\"Article\",\"@id\":\"https:\/\/upami.unr.edu.ar\/?p=520#article\",\"isPartOf\":{\"@id\":\"https:\/\/upami.unr.edu.ar\/?p=520\"},\"author\":{\"name\":\"UPAMI UNR\",\"@id\":\"https:\/\/upami.unr.edu.ar\/#\/schema\/person\/e1102dbce8e287dbdcdbf4249c79082b\"},\"headline\":\"Medios de comunicaci\u00f3n\",\"datePublished\":\"2022-08-18T13:26:54+00:00\",\"dateModified\":\"2022-08-18T14:26:43+00:00\",\"mainEntityOfPage\":{\"@id\":\"https:\/\/upami.unr.edu.ar\/?p=520\"},\"wordCount\":567,\"publisher\":{\"@id\":\"https:\/\/upami.unr.edu.ar\/#organization\"},\"articleSection\":[\"Cursos\"],\"inLanguage\":\"es\"},{\"@type\":\"WebPage\",\"@id\":\"https:\/\/upami.unr.edu.ar\/?p=520\",\"url\":\"https:\/\/upami.unr.edu.ar\/?p=520\",\"name\":\"Medios de comunicaci\u00f3n - Upami - UNR\",\"isPartOf\":{\"@id\":\"https:\/\/upami.unr.edu.ar\/#website\"},\"datePublished\":\"2022-08-18T13:26:54+00:00\",\"dateModified\":\"2022-08-18T14:26:43+00:00\",\"breadcrumb\":{\"@id\":\"https:\/\/upami.unr.edu.ar\/?p=520#breadcrumb\"},\"inLanguage\":\"es\",\"potentialAction\":[{\"@type\":\"ReadAction\",\"target\":[\"https:\/\/upami.unr.edu.ar\/?p=520\"]}]},{\"@type\":\"BreadcrumbList\",\"@id\":\"https:\/\/upami.unr.edu.ar\/?p=520#breadcrumb\",\"itemListElement\":[{\"@type\":\"ListItem\",\"position\":1,\"name\":\"Portada\",\"item\":\"https:\/\/upami.unr.edu.ar\/\"},{\"@type\":\"ListItem\",\"position\":2,\"name\":\"Medios de comunicaci\u00f3n\"}]},{\"@type\":\"WebSite\",\"@id\":\"https:\/\/upami.unr.edu.ar\/#website\",\"url\":\"https:\/\/upami.unr.edu.ar\/\",\"name\":\"Upami - UNR\",\"description\":\"Sitio del programa Upami\",\"publisher\":{\"@id\":\"https:\/\/upami.unr.edu.ar\/#organization\"},\"potentialAction\":[{\"@type\":\"SearchAction\",\"target\":{\"@type\":\"EntryPoint\",\"urlTemplate\":\"https:\/\/upami.unr.edu.ar\/?s={search_term_string}\"},\"query-input\":{\"@type\":\"PropertyValueSpecification\",\"valueRequired\":true,\"valueName\":\"search_term_string\"}}],\"inLanguage\":\"es\"},{\"@type\":\"Organization\",\"@id\":\"https:\/\/upami.unr.edu.ar\/#organization\",\"name\":\"Upami - UNR\",\"url\":\"https:\/\/upami.unr.edu.ar\/\",\"logo\":{\"@type\":\"ImageObject\",\"inLanguage\":\"es\",\"@id\":\"https:\/\/upami.unr.edu.ar\/#\/schema\/logo\/image\/\",\"url\":\"https:\/\/upami.unr.edu.ar\/wp-content\/uploads\/2022\/08\/Diseno-sin-titulo-14.png\",\"contentUrl\":\"https:\/\/upami.unr.edu.ar\/wp-content\/uploads\/2022\/08\/Diseno-sin-titulo-14.png\",\"width\":500,\"height\":100,\"caption\":\"Upami - UNR\"},\"image\":{\"@id\":\"https:\/\/upami.unr.edu.ar\/#\/schema\/logo\/image\/\"}},{\"@type\":\"Person\",\"@id\":\"https:\/\/upami.unr.edu.ar\/#\/schema\/person\/e1102dbce8e287dbdcdbf4249c79082b\",\"name\":\"UPAMI UNR\",\"image\":{\"@type\":\"ImageObject\",\"inLanguage\":\"es\",\"@id\":\"https:\/\/upami.unr.edu.ar\/#\/schema\/person\/image\/\",\"url\":\"https:\/\/secure.gravatar.com\/avatar\/f8b96df40a8084a0701129aa86366ec78c0f316d171fd895c4c8de0c5e3e0809?s=96&d=mm&r=g\",\"contentUrl\":\"https:\/\/secure.gravatar.com\/avatar\/f8b96df40a8084a0701129aa86366ec78c0f316d171fd895c4c8de0c5e3e0809?s=96&d=mm&r=g\",\"caption\":\"UPAMI UNR\"},\"description\":\"Ing.en Sistemas Inform\u00e1ticos - Coordinador Tecnol\u00f3gico de UPAMI.\",\"url\":\"https:\/\/upami.unr.edu.ar\/?author=1\"}]}<\/script>\n<!-- \/ Yoast SEO plugin. -->","yoast_head_json":{"title":"Medios de comunicaci\u00f3n - Upami - UNR","robots":{"index":"index","follow":"follow","max-snippet":"max-snippet:-1","max-image-preview":"max-image-preview:large","max-video-preview":"max-video-preview:-1"},"canonical":"https:\/\/upami.unr.edu.ar\/?p=520","og_locale":"es_ES","og_type":"article","og_title":"Medios de comunicaci\u00f3n - Upami - UNR","og_description":"Medios de comunicaci\u00f3n Taller de comunicaci\u00f3n social El taller propone un acercamiento a la comunicaci\u00f3n a lo largo de su desarrollo hist\u00f3rico, fundamentalmente desde el siglo XX a la actualidad. Se brinda una noci\u00f3n b\u00e1sica de las ideas y conceptos relacionados con la comunicaci\u00f3n social y de masas que caracteriza a nuestra era, pasando por [&hellip;]","og_url":"https:\/\/upami.unr.edu.ar\/?p=520","og_site_name":"Upami - UNR","article_published_time":"2022-08-18T13:26:54+00:00","article_modified_time":"2022-08-18T14:26:43+00:00","author":"UPAMI UNR","twitter_card":"summary_large_image","twitter_misc":{"Escrito por":"UPAMI UNR","Tiempo de lectura":"3 minutos"},"schema":{"@context":"https:\/\/schema.org","@graph":[{"@type":"Article","@id":"https:\/\/upami.unr.edu.ar\/?p=520#article","isPartOf":{"@id":"https:\/\/upami.unr.edu.ar\/?p=520"},"author":{"name":"UPAMI UNR","@id":"https:\/\/upami.unr.edu.ar\/#\/schema\/person\/e1102dbce8e287dbdcdbf4249c79082b"},"headline":"Medios de comunicaci\u00f3n","datePublished":"2022-08-18T13:26:54+00:00","dateModified":"2022-08-18T14:26:43+00:00","mainEntityOfPage":{"@id":"https:\/\/upami.unr.edu.ar\/?p=520"},"wordCount":567,"publisher":{"@id":"https:\/\/upami.unr.edu.ar\/#organization"},"articleSection":["Cursos"],"inLanguage":"es"},{"@type":"WebPage","@id":"https:\/\/upami.unr.edu.ar\/?p=520","url":"https:\/\/upami.unr.edu.ar\/?p=520","name":"Medios de comunicaci\u00f3n - Upami - UNR","isPartOf":{"@id":"https:\/\/upami.unr.edu.ar\/#website"},"datePublished":"2022-08-18T13:26:54+00:00","dateModified":"2022-08-18T14:26:43+00:00","breadcrumb":{"@id":"https:\/\/upami.unr.edu.ar\/?p=520#breadcrumb"},"inLanguage":"es","potentialAction":[{"@type":"ReadAction","target":["https:\/\/upami.unr.edu.ar\/?p=520"]}]},{"@type":"BreadcrumbList","@id":"https:\/\/upami.unr.edu.ar\/?p=520#breadcrumb","itemListElement":[{"@type":"ListItem","position":1,"name":"Portada","item":"https:\/\/upami.unr.edu.ar\/"},{"@type":"ListItem","position":2,"name":"Medios de comunicaci\u00f3n"}]},{"@type":"WebSite","@id":"https:\/\/upami.unr.edu.ar\/#website","url":"https:\/\/upami.unr.edu.ar\/","name":"Upami - UNR","description":"Sitio del programa Upami","publisher":{"@id":"https:\/\/upami.unr.edu.ar\/#organization"},"potentialAction":[{"@type":"SearchAction","target":{"@type":"EntryPoint","urlTemplate":"https:\/\/upami.unr.edu.ar\/?s={search_term_string}"},"query-input":{"@type":"PropertyValueSpecification","valueRequired":true,"valueName":"search_term_string"}}],"inLanguage":"es"},{"@type":"Organization","@id":"https:\/\/upami.unr.edu.ar\/#organization","name":"Upami - UNR","url":"https:\/\/upami.unr.edu.ar\/","logo":{"@type":"ImageObject","inLanguage":"es","@id":"https:\/\/upami.unr.edu.ar\/#\/schema\/logo\/image\/","url":"https:\/\/upami.unr.edu.ar\/wp-content\/uploads\/2022\/08\/Diseno-sin-titulo-14.png","contentUrl":"https:\/\/upami.unr.edu.ar\/wp-content\/uploads\/2022\/08\/Diseno-sin-titulo-14.png","width":500,"height":100,"caption":"Upami - UNR"},"image":{"@id":"https:\/\/upami.unr.edu.ar\/#\/schema\/logo\/image\/"}},{"@type":"Person","@id":"https:\/\/upami.unr.edu.ar\/#\/schema\/person\/e1102dbce8e287dbdcdbf4249c79082b","name":"UPAMI UNR","image":{"@type":"ImageObject","inLanguage":"es","@id":"https:\/\/upami.unr.edu.ar\/#\/schema\/person\/image\/","url":"https:\/\/secure.gravatar.com\/avatar\/f8b96df40a8084a0701129aa86366ec78c0f316d171fd895c4c8de0c5e3e0809?s=96&d=mm&r=g","contentUrl":"https:\/\/secure.gravatar.com\/avatar\/f8b96df40a8084a0701129aa86366ec78c0f316d171fd895c4c8de0c5e3e0809?s=96&d=mm&r=g","caption":"UPAMI UNR"},"description":"Ing.en Sistemas Inform\u00e1ticos - Coordinador Tecnol\u00f3gico de UPAMI.","url":"https:\/\/upami.unr.edu.ar\/?author=1"}]}},"_links":{"self":[{"href":"https:\/\/upami.unr.edu.ar\/index.php?rest_route=\/wp\/v2\/posts\/520","targetHints":{"allow":["GET"]}}],"collection":[{"href":"https:\/\/upami.unr.edu.ar\/index.php?rest_route=\/wp\/v2\/posts"}],"about":[{"href":"https:\/\/upami.unr.edu.ar\/index.php?rest_route=\/wp\/v2\/types\/post"}],"author":[{"embeddable":true,"href":"https:\/\/upami.unr.edu.ar\/index.php?rest_route=\/wp\/v2\/users\/1"}],"replies":[{"embeddable":true,"href":"https:\/\/upami.unr.edu.ar\/index.php?rest_route=%2Fwp%2Fv2%2Fcomments&post=520"}],"version-history":[{"count":7,"href":"https:\/\/upami.unr.edu.ar\/index.php?rest_route=\/wp\/v2\/posts\/520\/revisions"}],"predecessor-version":[{"id":546,"href":"https:\/\/upami.unr.edu.ar\/index.php?rest_route=\/wp\/v2\/posts\/520\/revisions\/546"}],"wp:attachment":[{"href":"https:\/\/upami.unr.edu.ar\/index.php?rest_route=%2Fwp%2Fv2%2Fmedia&parent=520"}],"wp:term":[{"taxonomy":"category","embeddable":true,"href":"https:\/\/upami.unr.edu.ar\/index.php?rest_route=%2Fwp%2Fv2%2Fcategories&post=520"},{"taxonomy":"post_tag","embeddable":true,"href":"https:\/\/upami.unr.edu.ar\/index.php?rest_route=%2Fwp%2Fv2%2Ftags&post=520"}],"curies":[{"name":"wp","href":"https:\/\/api.w.org\/{rel}","templated":true}]}}